{"id":191,"date":"2022-04-29T14:59:38","date_gmt":"2022-04-29T14:59:38","guid":{"rendered":"https:\/\/freiherr-vom-stein.de\/fbereich2\/?p=191"},"modified":"2022-04-29T14:59:38","modified_gmt":"2022-04-29T14:59:38","slug":"berufsmesse-an-der-freiherr-vom-stein-schule","status":"publish","type":"post","link":"https:\/\/freiherr-vom-stein.de\/fbereich2\/2022\/04\/29\/berufsmesse-an-der-freiherr-vom-stein-schule\/","title":{"rendered":"Berufsmesse an der Freiherr-vom-Stein Schule"},"content":{"rendered":"<p>Nachdem unsere traditionelle Berufsmesse im letzten Jahr aufgrund von Corona hatte ausfallen m\u00fcssen, freuten wir uns umso mehr, dass sie dieses Jahr wieder stattfinden konnte. Zahlreiche ehemalige Sch\u00fcler:innen der Freiherr -vom-Stein Schule kamen der Einladung nach und stellten Ihre eingeschlagenen Berufe, die damit einhergehenden Anforderungen sowie ihren Berufsalltag dem aktuellen Abschlussjahrgang vor. Aber auch Eltern von derzeitigen Sch\u00fcler:innen an unserer Schule, eine Vertreterin unserer Kooperationsfirma Kuraray, Mitglieder der MINT-Elterninitiative sowie weitere G\u00e4ste stellten sich den Fragen der Q4-Sch\u00fcler:innen. Berufsfelder wie Polizei, Bundeswehr, Jura, Medizin, Psychologie, Journalismus, und nicht zuletzt der MINT-Bereich waren vertreten. Auch bisher unentschlossene Sch\u00fcler:innen konnten sich \u00fcber Auslandsaufenthalte, Freiwilligendienst und \u00fcber M\u00f6glichkeiten nach dem Abitur allgemein informieren. Wir bedanken uns bei allen Teilnehmer:innen und freuen uns schon auf das n\u00e4chste Jahr.<\/p>\n<p><a href=\"https:\/\/freiherr-vom-stein.de\/wp-content\/uploads\/2022\/04\/Bild2.png\"><img loading=\"lazy\" decoding=\"async\" class=\"size-thumbnail wp-image-270090 alignleft\" src=\"https:\/\/freiherr-vom-stein.de\/wp-content\/uploads\/2022\/04\/Bild2-150x150.png\" alt=\"\" width=\"150\" height=\"150\" \/><\/a><a href=\"https:\/\/freiherr-vom-stein.de\/wp-content\/uploads\/2022\/04\/Bild1.png\"><img loading=\"lazy\" decoding=\"async\" class=\"size-thumbnail wp-image-270089 alignleft\" src=\"https:\/\/freiherr-vom-stein.de\/wp-content\/uploads\/2022\/04\/Bild1-150x150.png\" alt=\"\" width=\"150\" height=\"150\" \/><\/a><\/p>\n","protected":false},"excerpt":{"rendered":"<p>Nachdem unsere traditionelle Berufsmesse im letzten Jahr aufgrund von Corona hatte ausfallen m\u00fcssen, freuten wir uns umso mehr, dass sie dieses Jahr wieder stattfinden konnte. Zahlreiche ehemalige Sch\u00fcler:innen der Freiherr -vom-Stein Schule kamen der Einladung nach und stellten Ihre eingeschlagenen Berufe, die damit einhergehenden Anforderungen sowie ihren Berufsalltag dem aktuellen Abschlussjahrgang vor. Aber auch Eltern [&hellip;]<\/p>\n","protected":false},"author":18,"featured_media":0,"comment_status":"closed","ping_status":"open","sticky":false,"template":"","format":"standard","meta":{"ngg_post_thumbnail":0,"footnotes":""},"categories":[1],"tags":[],"class_list":["post-191","post","type-post","status-publish","format-standard","hentry","category-allgemein"],"jetpack_featured_media_url":"","_links":{"self":[{"href":"https:\/\/freiherr-vom-stein.de\/fbereich2\/wp-json\/wp\/v2\/posts\/191","targetHints":{"allow":["GET"]}}],"collection":[{"href":"https:\/\/freiherr-vom-stein.de\/fbereich2\/wp-json\/wp\/v2\/posts"}],"about":[{"href":"https:\/\/freiherr-vom-stein.de\/fbereich2\/wp-json\/wp\/v2\/types\/post"}],"author":[{"embeddable":true,"href":"https:\/\/freiherr-vom-stein.de\/fbereich2\/wp-json\/wp\/v2\/users\/18"}],"replies":[{"embeddable":true,"href":"https:\/\/freiherr-vom-stein.de\/fbereich2\/wp-json\/wp\/v2\/comments?post=191"}],"version-history":[{"count":1,"href":"https:\/\/freiherr-vom-stein.de\/fbereich2\/wp-json\/wp\/v2\/posts\/191\/revisions"}],"predecessor-version":[{"id":192,"href":"https:\/\/freiherr-vom-stein.de\/fbereich2\/wp-json\/wp\/v2\/posts\/191\/revisions\/192"}],"wp:attachment":[{"href":"https:\/\/freiherr-vom-stein.de\/fbereich2\/wp-json\/wp\/v2\/media?parent=191"}],"wp:term":[{"taxonomy":"category","embeddable":true,"href":"https:\/\/freiherr-vom-stein.de\/fbereich2\/wp-json\/wp\/v2\/categories?post=191"},{"taxonomy":"post_tag","embeddable":true,"href":"https:\/\/freiherr-vom-stein.de\/fbereich2\/wp-json\/wp\/v2\/tags?post=191"}],"curies":[{"name":"wp","href":"https:\/\/api.w.org\/{rel}","templated":true}]}}