{"id":196,"date":"2022-07-16T15:26:25","date_gmt":"2022-07-16T15:26:25","guid":{"rendered":"https:\/\/freiherr-vom-stein.de\/fbereich2\/?p=196"},"modified":"2022-07-16T15:26:25","modified_gmt":"2022-07-16T15:26:25","slug":"politikerin-besucht-10-klassen","status":"publish","type":"post","link":"https:\/\/freiherr-vom-stein.de\/fbereich2\/2022\/07\/16\/politikerin-besucht-10-klassen\/","title":{"rendered":"Politikerin besucht 10. Klassen"},"content":{"rendered":"<p><a href=\"https:\/\/freiherr-vom-stein.de\/wp-content\/uploads\/2022\/07\/Nina_Eisenhardt.jpg\"><img loading=\"lazy\" decoding=\"async\" class=\"aligncenter wp-image-270319 size-large\" src=\"https:\/\/freiherr-vom-stein.de\/wp-content\/uploads\/2022\/07\/Nina_Eisenhardt-1024x768.jpg\" alt=\"\" width=\"640\" height=\"480\" \/><\/a><\/p>\n<p>Die Politikerin Nina Eisenhardt von den Gr\u00fcnen besuchte am 23. Mai 2022 unser Freiherr vom Stein-Gymnasium. Sie ist die Sprecherin f\u00fcr Hochschule und Wissenschaft der Gr\u00fcnen in Hessen und sitzt sogar im Hessischem Landtag. Organisiert wurde ihr Besuch im Rahmen des EU-Projekttages. Besonders freuen durften sich die 10b und 10d. In den zwei Gespr\u00e4chsstunden hatten die Sch\u00fclerinnen und Sch\u00fcler die Gelegenheit, Fragen rund um die EU und deren Politik zu stellen, oft haben sich die Fragen auch direkt auf die Politik der Gr\u00fcnen bezogen. Es wurden Themen angesprochen zur Energiewende, zum Angriffskrieg auf die Ukraine und zur Zukunft Deutschlands.<\/p>\n<p>Aus ihren Antworten zu den vielen Fragen der Sch\u00fclerinnen und Sch\u00fcler wurde sehr schnell deutlich, welche Themen ihr besonders am Herzen liegen. In ihrem Bereich als hochschulpolitische Sprecherin f\u00e4llt nat\u00fcrlich auch das Thema \u201eDigitalisierung\u201c. Geht es nach ihr, sollte man sie klug und \u00fcberlegt steuern, weil die Digitalisierung in die Lebensbereiche aller B\u00fcrgerinnen und B\u00fcrger hineinwirkt, jeder von ihr betroffen ist und jeder von ihr profitieren soll.<\/p>\n<p>Doch als gr\u00fcne Politikerin waren ihr nat\u00fcrlich auch \u201egr\u00fcne\u201c Themen besonders wichtig wie zum Beispiel das Thema Energie- und Verkehrswende. Hier hatte sie naturgem\u00e4\u00df sehr ausf\u00fchrlich geantwortet. Deutlich wurde auch, dass sich Nina Eisenhardt sehr f\u00fcr die Fl\u00fcchtlinge aus der Ukraine einsetzt. Aus ihrer Sicht ist es richtig, dass sich die Regierung um ukrainische Studierende k\u00fcmmert und eng mit den Bildungseinrichtungen in der Ukraine zusammenarbeiten sollte.<\/p>\n<p>Was dabei direkt positiv auffiel: Nina Eisenhardt blieb bei ihren Antworten immer sachlich. Sie machte bei ihren Antworten stets einen kompetenten, gelassenen und sympathischen Eindruck.\u00a0 Wir bedanken uns f\u00fcr den Besuch und freuen uns auf weitere anregende Gespr\u00e4che mit Politikerinnen und Politikern <em>[Marlene Halfar, 10d]<\/em>.<\/p>\n","protected":false},"excerpt":{"rendered":"<p>Die Politikerin Nina Eisenhardt von den Gr\u00fcnen besuchte am 23. Mai 2022 unser Freiherr vom Stein-Gymnasium. Sie ist die Sprecherin f\u00fcr Hochschule und Wissenschaft der Gr\u00fcnen in Hessen und sitzt sogar im Hessischem Landtag. Organisiert wurde ihr Besuch im Rahmen des EU-Projekttages. Besonders freuen durften sich die 10b und 10d. In den zwei Gespr\u00e4chsstunden hatten [&hellip;]<\/p>\n","protected":false},"author":18,"featured_media":0,"comment_status":"closed","ping_status":"open","sticky":false,"template":"","format":"standard","meta":{"ngg_post_thumbnail":0,"footnotes":""},"categories":[1],"tags":[],"class_list":["post-196","post","type-post","status-publish","format-standard","hentry","category-allgemein"],"jetpack_featured_media_url":"","_links":{"self":[{"href":"https:\/\/freiherr-vom-stein.de\/fbereich2\/wp-json\/wp\/v2\/posts\/196","targetHints":{"allow":["GET"]}}],"collection":[{"href":"https:\/\/freiherr-vom-stein.de\/fbereich2\/wp-json\/wp\/v2\/posts"}],"about":[{"href":"https:\/\/freiherr-vom-stein.de\/fbereich2\/wp-json\/wp\/v2\/types\/post"}],"author":[{"embeddable":true,"href":"https:\/\/freiherr-vom-stein.de\/fbereich2\/wp-json\/wp\/v2\/users\/18"}],"replies":[{"embeddable":true,"href":"https:\/\/freiherr-vom-stein.de\/fbereich2\/wp-json\/wp\/v2\/comments?post=196"}],"version-history":[{"count":1,"href":"https:\/\/freiherr-vom-stein.de\/fbereich2\/wp-json\/wp\/v2\/posts\/196\/revisions"}],"predecessor-version":[{"id":197,"href":"https:\/\/freiherr-vom-stein.de\/fbereich2\/wp-json\/wp\/v2\/posts\/196\/revisions\/197"}],"wp:attachment":[{"href":"https:\/\/freiherr-vom-stein.de\/fbereich2\/wp-json\/wp\/v2\/media?parent=196"}],"wp:term":[{"taxonomy":"category","embeddable":true,"href":"https:\/\/freiherr-vom-stein.de\/fbereich2\/wp-json\/wp\/v2\/categories?post=196"},{"taxonomy":"post_tag","embeddable":true,"href":"https:\/\/freiherr-vom-stein.de\/fbereich2\/wp-json\/wp\/v2\/tags?post=196"}],"curies":[{"name":"wp","href":"https:\/\/api.w.org\/{rel}","templated":true}]}}