{"id":28,"date":"2011-06-09T17:45:14","date_gmt":"2011-06-09T17:45:14","guid":{"rendered":"http:\/\/freiherr-vom-stein.de\/fbereich2\/?p=28"},"modified":"2012-02-28T10:01:19","modified_gmt":"2012-02-28T10:01:19","slug":"leistungskurs-im-hessischen-landtag-wiesbaden","status":"publish","type":"post","link":"https:\/\/freiherr-vom-stein.de\/fbereich2\/2011\/06\/09\/leistungskurs-im-hessischen-landtag-wiesbaden\/","title":{"rendered":"Leistungskurs im hessischen Landtag Wiesbaden"},"content":{"rendered":"<p>Am 01.06. nahm der Politik und Wirtschaft Leistungskurs 12 Herold am Planspiel &#8222;Wir sind Abgeordnete&#8220; im hessischen Landtag teil. Organisiert vom Landtag und der hessischen Zentrale f\u00fcr politische Bildung konnten die Sch\u00fcler der FvS gemeinsam mit Sch\u00fclern eines Wiesbadener Gymnasiums in die Rolle von Abgeordneten schl\u00fcpfen und an aktuellen politischen Themen arbeiten. Auch den beteiligten Lehrern Fr. Dittrich und Hr. Herold wurden Aufgaben \u00fcbertragen &#8211; sie dokumentierten als &#8222;Presse&#8220; die Arbeit der Abgeordneten.<\/p>\n<p><a href=\"http:\/\/freiherr-vom-stein.de\/fbereich2\/files\/2011\/06\/Wiesbadener-Tageskurier-Layout1.pdf\">Wiesbadener Tageskurier<\/a><\/p>\n<p><a href=\"http:\/\/freiherr-vom-stein.de\/fbereich2\/files\/2011\/06\/Der-Tag-aus-Sch\u00fclersicht.pdf\">Der Tag aus Sch\u00fclersicht<\/a><\/p>\n","protected":false},"excerpt":{"rendered":"<p>Am 01.06. nahm der Politik und Wirtschaft Leistungskurs 12 Herold am Planspiel &#8222;Wir sind Abgeordnete&#8220; im hessischen Landtag teil. Organisiert vom Landtag und der hessischen Zentrale f\u00fcr politische Bildung konnten die Sch\u00fcler der FvS gemeinsam mit Sch\u00fclern eines Wiesbadener Gymnasiums in die Rolle von Abgeordneten schl\u00fcpfen und an aktuellen politischen Themen arbeiten. Auch den beteiligten [&hellip;]<\/p>\n","protected":false},"author":1,"featured_media":0,"comment_status":"open","ping_status":"open","sticky":false,"template":"","format":"standard","meta":{"ngg_post_thumbnail":0,"footnotes":""},"categories":[1],"tags":[],"class_list":["post-28","post","type-post","status-publish","format-standard","hentry","category-allgemein"],"jetpack_featured_media_url":"","_links":{"self":[{"href":"https:\/\/freiherr-vom-stein.de\/fbereich2\/wp-json\/wp\/v2\/posts\/28","targetHints":{"allow":["GET"]}}],"collection":[{"href":"https:\/\/freiherr-vom-stein.de\/fbereich2\/wp-json\/wp\/v2\/posts"}],"about":[{"href":"https:\/\/freiherr-vom-stein.de\/fbereich2\/wp-json\/wp\/v2\/types\/post"}],"author":[{"embeddable":true,"href":"https:\/\/freiherr-vom-stein.de\/fbereich2\/wp-json\/wp\/v2\/users\/1"}],"replies":[{"embeddable":true,"href":"https:\/\/freiherr-vom-stein.de\/fbereich2\/wp-json\/wp\/v2\/comments?post=28"}],"version-history":[{"count":5,"href":"https:\/\/freiherr-vom-stein.de\/fbereich2\/wp-json\/wp\/v2\/posts\/28\/revisions"}],"predecessor-version":[{"id":39,"href":"https:\/\/freiherr-vom-stein.de\/fbereich2\/wp-json\/wp\/v2\/posts\/28\/revisions\/39"}],"wp:attachment":[{"href":"https:\/\/freiherr-vom-stein.de\/fbereich2\/wp-json\/wp\/v2\/media?parent=28"}],"wp:term":[{"taxonomy":"category","embeddable":true,"href":"https:\/\/freiherr-vom-stein.de\/fbereich2\/wp-json\/wp\/v2\/categories?post=28"},{"taxonomy":"post_tag","embeddable":true,"href":"https:\/\/freiherr-vom-stein.de\/fbereich2\/wp-json\/wp\/v2\/tags?post=28"}],"curies":[{"name":"wp","href":"https:\/\/api.w.org\/{rel}","templated":true}]}}